{"id":210,"date":"2016-12-23T10:34:00","date_gmt":"2016-12-23T09:34:00","guid":{"rendered":"http:\/\/www.dnfi.eu\/DNFI\/?p=210"},"modified":"2016-12-23T10:38:18","modified_gmt":"2016-12-23T09:38:18","slug":"willy-kaspers-wird-neuer-trainer-der-zweckeler-a-junioren","status":"publish","type":"post","link":"http:\/\/www.dnfi.eu\/DNFI\/?p=210","title":{"rendered":"Willy Kaspers wird neuer Trainer der Zweckeler A-Junioren&#8230;"},"content":{"rendered":"<div class=\"article__header__intro\">\n<p class=\"article__header__intro__text\"><span class=\"article__location\">Gladbeck. <\/span>\u00a0 Der SV Zweckel hat f\u00fcr seine A-Junioren einen neuen Trainer gefunden: Willy Kaspers \u00fcbernimmt das Team. Der SVZ verfolgt ambitionierte Ziele.<\/p>\n<div class=\"article__header\">\n<h5 class=\"article__header__inner \"><em>Thomas Dieckhoff (WAZ Gladbeck)<br \/>\n<\/em><\/h5>\n<div class=\"author-social\">\n<h5 class=\"author\"><em><time class=\"author__time\">22.12.2016<br \/>\n<\/time><\/em><\/h5>\n<div id=\"socialbar_fwid0\" class=\"socialbar\" data-stickyoffset=\"365\"><\/div>\n<\/div>\n<figure class=\"hero-img  content--default-background no-vspace\">\n<div><\/div>\n<picture class=\"hero-img__img\"><source srcset=\"http:\/\/img.waz.de\/img\/archiv-daten\/crop209061329\/6615758586-w420-cv23_11-q85\/picture-89886050.jpg\" media=\"(max-width: 420px)\" \/><source srcset=\"http:\/\/img.waz.de\/img\/archiv-daten\/crop209061329\/4843533766-w640-cv23_11-q85\/picture-89886050.jpg\" media=\"(max-width: 640px)\" \/><source srcset=\"http:\/\/img.waz.de\/img\/archiv-daten\/crop209061329\/9692223895-w940-cv23_11-q85\/picture-89886050.jpg\" \/><img loading=\"lazy\" decoding=\"async\" class=\"loaded\" title=\"Willy Kaspers trainiert in der R\u00fcckrunde die Fu\u00dfball-A-Junioren des SV Zweckel.\" src=\"http:\/\/www.waz.de\/resources\/148164566\/img\/placeholder.png\" alt=\"Willy Kaspers trainiert in der R\u00fcckrunde die Fu\u00dfball-A-Junioren des SV Zweckel.\" width=\"940\" height=\"450\" \/> <\/picture><figcaption class=\"hero-img__caption\">\n<p class=\"hero-img__credits hero-img__credits--mobile-hidden\">Foto:\u00a0Rainer Raffalski<\/p>\n<\/figcaption><\/figure>\n<\/div>\n<div class=\"article__body\">\n<div class=\"article__header__intro\">\n<p class=\"article__header__intro__text\"><span class=\"article__location\">Gladbeck. <\/span><\/p>\n<p class=\"article__header__intro__text\">Der SV Zweckel hat f\u00fcr seine A-Junioren einen neuen Trainer gefunden: Willy Kaspers \u00fcbernimmt das Team. Der SVZ verfolgt ambitionierte Ziele.<\/p>\n<\/div>\n<div class=\"\"><\/div>\n<p class=\"article__paragraph p_2 \">Die Fu\u00dfball-A-Junioren des SV Zweckel werden im neuen Jahr von Willy Kaspers trainiert. Der aus den Niederlanden stammende, 60 Jahre alte Uefa-A-Level-Coach wird Nachfolger von <a href=\"http:\/\/www.waz.de\/sport\/lokalsport\/gladbeck\/theis-wird-trainer-der-zweckeler-westfalenliga-mannschaft-id209050365.html\" target=\"_blank\">Mike Theis<\/a>, der bekanntlich in 2017 die Westfalenliga-Senioren des Gladbecker Traditionsvereins zum Klassenerhalt f\u00fchren soll. \u201eDer SV Zweckel freut sich\u201c, hei\u00dft es auf der <a href=\"http:\/\/www.svzweckel.de\/willy-kaspers-wird-neuer-a-junioren-coach\/\" target=\"_blank\">Homepage des Klubs<\/a>, \u201emit Willy Kaspers einen hochkompetenten A-Lizenz-Inhaber als Trainer gewonnen zu haben.\u201c<\/p>\n<h2>Niederl\u00e4nder ist ein positiv Fu\u00dfballverr\u00fcckter<\/h2>\n<p class=\"article__paragraph p_3 \">Es gehe in der R\u00fcckrunde darum, mit dem \u00e4ltesten Nachwuchs \u201eeventuell noch einmal die Aufstiegsrunde zur Bezirksliga zu erreichen\u201c. Und weiter: \u201eDie Mannschaft d\u00fcrfte stark genug sein, diese Herausforderung anzunehmen. Dazu ist es allerdings erforderlich, dass sich alle Spieler zumindest vor den Spielen gut vorbereiten und mit der n\u00f6tigen Einstellung an diese Herausforderung gehen.\u201c<\/p>\n<p class=\"article__paragraph p_4 \">Willy Kaspers ist ohne Wenn und Aber ein im positiven Sinne Fu\u00dfballverr\u00fcckter. In Gladbeck heimisch geworden, ist der Niederl\u00e4nder seit Mitte 2015 bereits zum zweiten Male f\u00fcr den SV Zweckel aktiv. Gekommen war er vor eineinhalb Jahren als Sportlicher Leiter der Nachwuchsabteilung und als C1-Jugend-Trainer.<\/p>\n<h3>F\u00fcr Twente Enschede und Grasshoppers Z\u00fcrich t\u00e4tig<\/h3>\n<p class=\"article__paragraph p_5 \">Der Niederl\u00e4nder, der an der Dorstener Stra\u00dfe auch \u201eder fliegende Holl\u00e4nder\u201c genannt wird, war vor sechs Jahren schon einmal in Zweckel als Jugendtrainer aktiv gewesen, ehe er Gladbeck in Richtung Oberhausen verlie\u00df und dort die U14 und U12 von RWO trainierte.<\/p>\n<p class=\"article__paragraph p_6 \">Kaspers verdient sein Geld als Fu\u00dfballtrainer und coachte unter anderem auch schon bei Klubs wie Twente Enschede in seinem Heimatland und den Grasshoppers Club Z\u00fcrich in der Schweiz.<\/p>\n<h3>Kaspers ist bekennender Anh\u00e4nger der Ajax-Schule<\/h3>\n<p class=\"article__paragraph p_7 \">Den ersten Kontakt zum SV Zweckel hat seinerzeit \u00fcbrigens der damalige SVZ-Jugendcoach Oliver Martin gekn\u00fcpft, der Kaspers bei einer Trainerfortbildung kennengelernt hatte.<\/p>\n<p class=\"article__paragraph p_8 \">Willy Kaspers ist ein Anh\u00e4nger der sogenannten Ajax-Schule. Die Kinder und Jugendlichen sollen in ihr durch Spiel, Spa\u00df und Spannung an ihre Leistungsgrenzen gef\u00fchrt und auch leistungsbezogen trainiert werden.<\/p>\n<h3>Zweckeler A-Jugend f\u00fchrt die Kreisliga-A-Tabelle an<\/h3>\n<p class=\"article__paragraph p_9 \">1993 erwarb der Niederl\u00e4nder seine Trainer-A-Lizenz. Er geh\u00f6rte 14 Jahre lang zum Hauptvorstand des VVON (Verband der niederl\u00e4ndischen Amateurtrainer). Au\u00dferhalb des Fu\u00dfballplatzes sind American Football und Motocross Hobbys des \u201efliegenden Holl\u00e4nders\u201c, der \u00fcbrigens ein Fan von Twente Enschede ist und der mit dem FC Schalke 04 sympathisiert.<\/p>\n<p class=\"article__paragraph p_10 \">Der neue Trainer \u00fcbernimmt im neuen Jahr eine Zweckeler A-Junioren-Mannschaft, die in der Meisterschaft ungeachtet der j\u00fcngsten 1:2-Niederlage bei Verfolger FSM Gladbeck in der Kreisjugendliga noch alle Tr\u00fcmpfe in der Hand h\u00e4lt. <a href=\"http:\/\/www.fussball.de\/spieltagsuebersicht\/a-junioren-kjl-a-kreis-gelsenkirchen-a-junioren-kreisliga-a-a-junioren-saison1617-westfalen\/-\/staffel\/01STFD7POO000000VS54898DVSPEV4E2-G#%21\/section\/stage\" target=\"_blank\">Der SVZ f\u00fchrt n\u00e4mlich mit einem Punkt Vorsprung vor FSM die Tabelle an<\/a>.<\/p>\n<h3>Im Verbandspokal trifft der SVZ auf Siegen<\/h3>\n<p class=\"article__paragraph p_11 \">Auch im Pokalwettbewerb wartet auf die Schwarz-Gr\u00fcnen und Kaspers eine \u00fcberaus reizvolle Aufgabe. Nachdem das Gladbecker Team \u00fcberraschend den Kreispokal durch einen Erfolg \u00fcber den SV Horst-Emscher gewann, trifft es nun in der ersten Runde des Westfalenpokals am Samstag, 11. Februar, im K\u00e4fig an der Dorstener Stra\u00dfe auf den \u00e4ltesten Nachwuchs der Sportfreunde Siegen. Diese Partie ist das erste Pflichtspiel der Zweckeler A-Jugend unter der Regie von Kaspers. Das ist kein schlechter Einstieg . . .<\/p>\n<\/div>\n<\/div>\n","protected":false},"excerpt":{"rendered":"<p>Gladbeck. \u00a0 Der SV Zweckel hat f\u00fcr seine A-Junioren einen neuen Trainer gefunden: Willy Kaspers \u00fcbernimmt das Team. Der SVZ verfolgt ambitionierte Ziele. Thomas Dieckhoff (WAZ Gladbeck) 22.12.2016 Foto:\u00a0Rainer Raffalski Gladbeck. Der SV Zweckel hat f\u00fcr seine A-Junioren einen neuen Trainer gefunden: Willy Kaspers \u00fcbernimmt das Team. Der SVZ verfolgt ambitionierte Ziele. Die Fu\u00dfball-A-Junioren des [&hellip;]<\/p>\n","protected":false},"author":1,"featured_media":0,"comment_status":"open","ping_status":"open","sticky":false,"template":"","format":"standard","meta":{"jetpack_post_was_ever_published":false,"_jetpack_newsletter_access":"","_jetpack_dont_email_post_to_subs":false,"_jetpack_newsletter_tier_id":0,"_jetpack_memberships_contains_paywalled_content":false,"_jetpack_memberships_contains_paid_content":false,"footnotes":"","jetpack_publicize_message":"","jetpack_publicize_feature_enabled":true,"jetpack_social_post_already_shared":false,"jetpack_social_options":{"image_generator_settings":{"template":"highway","default_image_id":0,"font":"","enabled":false},"version":2}},"categories":[1],"tags":[],"class_list":["post-210","post","type-post","status-publish","format-standard","hentry","category-allgemein"],"jetpack_publicize_connections":[],"jetpack_featured_media_url":"","jetpack_sharing_enabled":true,"jetpack_shortlink":"https:\/\/wp.me\/pa9Cqd-3o","_links":{"self":[{"href":"http:\/\/www.dnfi.eu\/DNFI\/index.php?rest_route=\/wp\/v2\/posts\/210","targetHints":{"allow":["GET"]}}],"collection":[{"href":"http:\/\/www.dnfi.eu\/DNFI\/index.php?rest_route=\/wp\/v2\/posts"}],"about":[{"href":"http:\/\/www.dnfi.eu\/DNFI\/index.php?rest_route=\/wp\/v2\/types\/post"}],"author":[{"embeddable":true,"href":"http:\/\/www.dnfi.eu\/DNFI\/index.php?rest_route=\/wp\/v2\/users\/1"}],"replies":[{"embeddable":true,"href":"http:\/\/www.dnfi.eu\/DNFI\/index.php?rest_route=%2Fwp%2Fv2%2Fcomments&post=210"}],"version-history":[{"count":3,"href":"http:\/\/www.dnfi.eu\/DNFI\/index.php?rest_route=\/wp\/v2\/posts\/210\/revisions"}],"predecessor-version":[{"id":213,"href":"http:\/\/www.dnfi.eu\/DNFI\/index.php?rest_route=\/wp\/v2\/posts\/210\/revisions\/213"}],"wp:attachment":[{"href":"http:\/\/www.dnfi.eu\/DNFI\/index.php?rest_route=%2Fwp%2Fv2%2Fmedia&parent=210"}],"wp:term":[{"taxonomy":"category","embeddable":true,"href":"http:\/\/www.dnfi.eu\/DNFI\/index.php?rest_route=%2Fwp%2Fv2%2Fcategories&post=210"},{"taxonomy":"post_tag","embeddable":true,"href":"http:\/\/www.dnfi.eu\/DNFI\/index.php?rest_route=%2Fwp%2Fv2%2Ftags&post=210"}],"curies":[{"name":"wp","href":"https:\/\/api.w.org\/{rel}","templated":true}]}}